{"id":10476,"date":"2024-07-01T08:02:51","date_gmt":"2024-07-01T08:02:51","guid":{"rendered":"https:\/\/nutrivacademy.it\/?p=10476"},"modified":"2025-08-07T10:00:34","modified_gmt":"2025-08-07T10:00:34","slug":"approfondimenti-pratici-di-psicosomatica-funzionale","status":"publish","type":"post","link":"https:\/\/nutrivacademy.it\/index.php\/2024\/07\/01\/approfondimenti-pratici-di-psicosomatica-funzionale\/","title":{"rendered":"Approfondimenti pratici di psicosomatica funzionale"},"content":{"rendered":"<p><div class=\"fusion-fullwidth fullwidth-box fusion-builder-row-1 fusion-flex-container has-pattern-background has-mask-background nonhundred-percent-fullwidth non-hundred-percent-height-scrolling\" style=\"--awb-border-radius-top-left:0px;--awb-border-radius-top-right:0px;--awb-border-radius-bottom-right:0px;--awb-border-radius-bottom-left:0px;--awb-flex-wrap:wrap;\" ><div class=\"fusion-builder-row fusion-row fusion-flex-align-items-flex-start fusion-flex-content-wrap\" style=\"max-width:1248px;margin-left: calc(-4% \/ 2 );margin-right: calc(-4% \/ 2 );\"><div class=\"fusion-layout-column fusion_builder_column fusion-builder-column-0 fusion_builder_column_1_1 1_1 fusion-flex-column\" style=\"--awb-bg-size:cover;--awb-width-large:100%;--awb-margin-top-large:0px;--awb-spacing-right-large:1.92%;--awb-margin-bottom-large:20px;--awb-spacing-left-large:1.92%;--awb-width-medium:100%;--awb-order-medium:0;--awb-spacing-right-medium:1.92%;--awb-spacing-left-medium:1.92%;--awb-width-small:100%;--awb-order-small:0;--awb-spacing-right-small:1.92%;--awb-spacing-left-small:1.92%;\"><div class=\"fusion-column-wrapper fusion-column-has-shadow fusion-flex-justify-content-flex-start fusion-content-layout-column\"><div style=\"text-align:center;\"><a class=\"fusion-button button-flat fusion-button-default-size button-default fusion-button-default button-1 fusion-button-default-span fusion-button-default-type\" style=\"--button-border-radius-top-left:100px;--button-border-radius-top-right:100px;--button-border-radius-bottom-right:100px;--button-border-radius-bottom-left:100px;\" target=\"_blank\" rel=\"noopener noreferrer\" href=\"https:\/\/nutrivacademy.it\/wp-content\/uploads\/2024\/07\/Corsi-in-presenza-il-lunedi-approf-pratici-psicosomatica.pdf\"><span class=\"fusion-button-text awb-button__text awb-button__text--default\">Locandina corso in formato .pdf<\/span><\/a><\/div><div class=\"fusion-text fusion-text-1\"><h5 style=\"text-align: center;\">Date di svolgimento:<br \/>\nluned\u00ec 4 novembre 2024<br \/>\nluned\u00ec 25 novembre 2024<br \/>\nluned\u00ec 17 marzo 2025<br \/>\nluned\u00ec 31 marzo 2025<\/h5>\n<\/div><div class=\"fusion-text fusion-text-2 fusion-text-no-margin\" style=\"--awb-content-alignment:center;--awb-text-color:hsla(var(--awb-color8-h),var(--awb-color8-s),var(--awb-color8-l),calc(var(--awb-color8-a) - 20%));--awb-margin-bottom:0px;\"><p>\u00c8 ormai assodato, grazie alle neuroscienze, che <b>psiche e corpo costituiscono un\u2019 unit\u00e0 funzionale, sono in stretta connessione, comunicano con l\u2019ambiente esterno e ne vengono influenzati<\/b>. Quando si ha una tensione corporea la psiche ne risente e viceversa. La medicina psicosomatica si fonda sull\u2019unit\u00e0 mente-corpo: il sistema nervoso autonomo riceve<i> input<\/i> dalle regioni del sistema nervoso centrale che elaborano e integrano gli stimoli provenienti dal corpo e dall\u2019ambiente esterno. Il nostro stato fisiologico influenza comportamento, stati emotivi e capacit\u00e0 di interagire con gli altri. <b>Il disturbo psicosomatico viene definito come la risposta fisica ad un disagio psicologico, tra cui stress emotivo, ansia, paura, preoccupazione<\/b>. Ad esempio, l\u2019impossibilit\u00e0 ad esprimere angoscia pu\u00f2 manifestarsi a livello fisico con una disfunzione patologica di alcuni organi: <b>il sistema nervoso vegetativo, infatti, veicola gli<i> input<\/i> provenienti dal sistema nervoso centrale determinando alterazioni nella funzionalit\u00e0 degli organi bersaglio<\/b>. In quest\u2019ottica, quindi, capire l\u2019origine psicosomatica di un disturbo fisico permette di trattarlo in maniera efficace andando alla radice e non solo limitandosi alla manifestazione fisiologica.<\/p>\n<\/div><ul style=\"--awb-iconcolor:var(--awb-color4);--awb-line-height:27.2px;--awb-icon-width:27.2px;--awb-icon-height:27.2px;--awb-icon-margin:11.2px;--awb-content-margin:38.4px;--awb-circlecolor:var(--awb-color3);--awb-circle-yes-font-size:14.08px;\" class=\"fusion-checklist fusion-checklist-1 fusion-checklist-default type-icons\"><li class=\"fusion-li-item\" style=\"\"><span class=\"icon-wrapper circle-yes\"><i class=\"fusion-li-icon fa-calendar-alt fas\" aria-hidden=\"true\"><\/i><\/span><div class=\"fusion-li-item-content\">\n<p><strong>Data di svolgimento:<\/strong><br \/>\nluned\u00ec 4 novembre 2024<br \/>\nluned\u00ec 25 novembre 2024<br \/>\nluned\u00ec 17 marzo 2025<br \/>\nluned\u00ec 31 marzo 2025<\/p>\n<\/div><\/li><li class=\"fusion-li-item\" style=\"\"><span class=\"icon-wrapper circle-yes\"><i class=\"fusion-li-icon fa-hourglass-start fas\" aria-hidden=\"true\"><\/i><\/span><div class=\"fusion-li-item-content\">\n<p><strong>Durata:<\/strong> 20 ore<\/p>\n<\/div><\/li><li class=\"fusion-li-item\" style=\"\"><span class=\"icon-wrapper circle-yes\"><i class=\"fusion-li-icon fa-clock fas\" aria-hidden=\"true\"><\/i><\/span><div class=\"fusion-li-item-content\">\n<p><strong>Orario:<\/strong>luned\u00ec 09.00-14.00<\/p>\n<\/div><\/li><li class=\"fusion-li-item\" style=\"\"><span class=\"icon-wrapper circle-yes\"><i class=\"fusion-li-icon fa-home fas\" aria-hidden=\"true\"><\/i><\/span><div class=\"fusion-li-item-content\">\n<p><strong>Sede:<\/strong> Sala Polivalente Myosotis, via Uruguay 20, Padova<\/p>\n<\/div><\/li><li class=\"fusion-li-item\" style=\"\"><span class=\"icon-wrapper circle-yes\"><i class=\"fusion-li-icon fa-users fas\" aria-hidden=\"true\"><\/i><\/span><div class=\"fusion-li-item-content\">\n<p><strong>Posti disponibili:<\/strong> 30<\/p>\n<\/div><\/li><li class=\"fusion-li-item\" style=\"\"><span class=\"icon-wrapper circle-yes\"><i class=\"fusion-li-icon fa-comments fas\" aria-hidden=\"true\"><\/i><\/span><div class=\"fusion-li-item-content\">\n<p><strong>Modalit\u00e0:<\/strong> In presenza<\/p>\n<\/div><\/li><li class=\"fusion-li-item\" style=\"\"><span class=\"icon-wrapper circle-yes\"><i class=\"fusion-li-icon fa-euro-sign fas\" aria-hidden=\"true\"><\/i><\/span><div class=\"fusion-li-item-content\">\n<p><strong>Quota:<\/strong> Il costo della singola giornata del corso \u00e8 di 70 euro (+IVA, totale 85,40), per l\u2019intero corso di 240 euro (+IVA, totale 292,80 euro). L\u2019iscrizione comprende: kit congressuale, partecipazione ai lavori, attestato di frequenza, <em>coffee break<\/em>.<\/p>\n<\/div><\/li><li class=\"fusion-li-item\" style=\"\"><span class=\"icon-wrapper circle-yes\"><i class=\"fusion-li-icon fa-chalkboard-teacher fas\" aria-hidden=\"true\"><\/i><\/span><div class=\"fusion-li-item-content\">\n<p><strong>Docenti:<\/strong> Dott. Roberto Menghini<\/p>\n<\/div><\/li><li class=\"fusion-li-item\" style=\"\"><span class=\"icon-wrapper circle-yes\"><i class=\"fusion-li-icon fa-bullseye fas\" aria-hidden=\"true\"><\/i><\/span><div class=\"fusion-li-item-content\">\n<p><strong>Attestato:<\/strong> Al termine dell\u2019intero percorso verr\u00e0 rilasciato un ATTESTATO DI PARTECIPAZIONE ai fini della compilazione del <em>curriculum vitae<\/em>.<br \/>\n<em>Il corso NON rilascia crediti ECM.<\/em><\/p>\n<\/div><\/li><\/ul><div style=\"text-align:center;\"><a class=\"fusion-button button-flat fusion-button-default-size button-default fusion-button-default button-2 fusion-button-default-span fusion-button-default-type\" style=\"--button-border-radius-top-left:100px;--button-border-radius-top-right:100px;--button-border-radius-bottom-right:100px;--button-border-radius-bottom-left:100px;\" target=\"_blank\" rel=\"noopener noreferrer\" href=\"https:\/\/form.jotform.com\/242523725692359\"><span class=\"fusion-button-text awb-button__text awb-button__text--default\">ISCRIVITI ALLA MASTERCLASS<\/span><\/a><\/div><div class=\"fusion-separator fusion-full-width-sep\" style=\"align-self: center;margin-left: auto;margin-right: auto;margin-top:10px;margin-bottom:10px;width:100%;\"><\/div><div style=\"text-align:center;\"><a class=\"fusion-button button-flat fusion-button-default-size button-custom fusion-button-default button-3 fusion-button-default-span \" style=\"--awb-padding-top:20px;--awb-padding-right:40px;--awb-padding-bottom:20px;--awb-padding-left:40px;--button_bevel_color:#47c7cd;--button_bevel_color_hover:#47c7cd;--button_accent_color:var(--awb-color1);--button_border_color:var(--awb-color2);--button_accent_hover_color:#ffffff;--button_border_hover_color:#47c7cd;--button_border_width-top:0px;--button_border_width-right:0px;--button_border_width-bottom:0px;--button_border_width-left:0px;--button-border-radius-top-left:100px;--button-border-radius-top-right:100px;--button-border-radius-bottom-right:100px;--button-border-radius-bottom-left:100px;--button_gradient_top_color:var(--awb-color2);--button_gradient_bottom_color:var(--awb-color2);--button_gradient_top_color_hover:var(--awb-color4);--button_gradient_bottom_color_hover:var(--awb-color4);--button_text_transform:var(--awb-typography3-text-transform);--button_font_size:17px;--button_line_height:1.7;--button_typography-letter-spacing:0px;--button_typography-font-family:&quot;Lato&quot;;--button_typography-font-style:normal;--button_typography-font-weight:400;\" target=\"_blank\" rel=\"noopener noreferrer\" href=\"https:\/\/nutrivacademy.it\/wp-content\/uploads\/2024\/07\/SCHEDA-ISCRIZIONE-Nutriva-Academy24-25.pdf\"><i class=\"fa-file-signature fas awb-button__icon awb-button__icon--default button-icon-left\" aria-hidden=\"true\"><\/i><span class=\"fusion-button-text awb-button__text awb-button__text--default\">Scheda di iscrizione in formato pdf<\/span><\/a><\/div>\n<div class=\"fusion-separator fusion-full-width-sep\" style=\"align-self: center;margin-left: auto;margin-right: auto;margin-top:10px;margin-bottom:10px;width:100%;\"><\/div><\/div><\/div><\/div><\/div><div class=\"fusion-fullwidth fullwidth-box fusion-builder-row-2 fusion-flex-container has-pattern-background has-mask-background nonhundred-percent-fullwidth non-hundred-percent-height-scrolling\" style=\"--awb-border-radius-top-left:0px;--awb-border-radius-top-right:0px;--awb-border-radius-bottom-right:0px;--awb-border-radius-bottom-left:0px;--awb-flex-wrap:wrap;\" ><div class=\"fusion-builder-row fusion-row fusion-flex-align-items-flex-start fusion-flex-content-wrap\" style=\"max-width:1248px;margin-left: calc(-4% \/ 2 );margin-right: calc(-4% \/ 2 );\"><div class=\"fusion-layout-column fusion_builder_column fusion-builder-column-1 fusion_builder_column_1_1 1_1 fusion-flex-column\" style=\"--awb-bg-size:cover;--awb-width-large:100%;--awb-margin-top-large:0px;--awb-spacing-right-large:1.92%;--awb-margin-bottom-large:20px;--awb-spacing-left-large:1.92%;--awb-width-medium:100%;--awb-order-medium:0;--awb-spacing-right-medium:1.92%;--awb-spacing-left-medium:1.92%;--awb-width-small:100%;--awb-order-small:0;--awb-spacing-right-small:1.92%;--awb-spacing-left-small:1.92%;\"><div class=\"fusion-column-wrapper fusion-column-has-shadow fusion-flex-justify-content-flex-start fusion-content-layout-column\"><ul style=\"--awb-iconcolor:var(--awb-color4);--awb-line-height:27.2px;--awb-icon-width:27.2px;--awb-icon-height:27.2px;--awb-icon-margin:11.2px;--awb-content-margin:38.4px;--awb-circlecolor:var(--awb-color3);--awb-circle-yes-font-size:14.08px;\" class=\"fusion-checklist fusion-checklist-2 fusion-checklist-default type-icons\"><li class=\"fusion-li-item\" style=\"\"><span class=\"icon-wrapper circle-yes\"><i class=\"fusion-li-icon fa-arrow-right fas\" aria-hidden=\"true\"><\/i><\/span><div class=\"fusion-li-item-content\">\n<p><strong>LUNED\u00cc 4 NOVEMBRE 2024<\/strong><br \/>\n<strong>LETTURA PSICOSOMATICA DELLE PROBLEMATICHE DELLA SCHIENA<\/strong><br \/>\n\u2022 Lateralit\u00e0 del corpo e significati: met\u00e0 superiore, met\u00e0 inferiore, parte destra, parte sinistra, met\u00e0 anteriore<br \/>\n\u2022 Parte posteriore del corpo: origine psicosomatica dei disturbi alla schiena e alla colonna<br \/>\n\u2022 Le ossa: i sistemi organizzativi entro cui viviamo, significato della artrosi<br \/>\n\u2022 La funzione della schiena: solidit\u00e0, sicurezza, fermezza, capacit\u00e0 di mutamento e flessibilit\u00e0<br \/>\n\u2022 Problematiche della schiena\/colonna vertebrale e loro significato psicosomatico<br \/>\n\u2022 Ernia, scoliosi, cifosi, lordosi, coccigemia, lobalgia, cervicalgia, mal di schiena cronico<br \/>\n\u2022 Biotipi e differenti tipologie di mal di schiena<\/p>\n<\/div><\/li><li class=\"fusion-li-item\" style=\"\"><span class=\"icon-wrapper circle-yes\"><i class=\"fusion-li-icon fa-arrow-right fas\" aria-hidden=\"true\"><\/i><\/span><div class=\"fusion-li-item-content\">\n<p><strong>LUNED\u00cc 25 NOVEMBRE 2024<\/strong><br \/>\n<strong>LETTURA PSICOSOMATICA DELLE PROBLEMATICHE GASTROINTESTINALI<\/strong><br \/>\n\u2022 Bisogna sapere chi siamo per sapere cosa mangiare: profilo ecto, meso, endo<br \/>\n\u2022 Le quattro fasi della digestione<br \/>\n\u2022 Malattie infiammatorie intestinali<br \/>\n\u2022 Vomito, nausea e diarrea: significati<br \/>\n\u2022 Colon irritabile<br \/>\n\u2022 Stipsi<br \/>\n\u2022 Gastriti<br \/>\n\u2022 Problemi a ingoiare, bruciore a bocca e lingua, bocca amara<br \/>\n\u2022 Ulcere peptiche e gastro-duodenali<br \/>\n\u2022 Pruriti e dolore anale<br \/>\n\u2022 Meteorismo<br \/>\n\u2022 Biotipi e differenti tipologie di problematiche gastrointestinali<\/p>\n<\/div><\/li><li class=\"fusion-li-item\" style=\"\"><span class=\"icon-wrapper circle-yes\"><i class=\"fusion-li-icon fa-arrow-right fas\" aria-hidden=\"true\"><\/i><\/span><div class=\"fusion-li-item-content\">\n<p><strong>LUNED\u00cc 17 MARZO 2025<\/strong><br \/>\n<strong>LETTURA PSICOSOMATICA DELLE PROBLEMATICHE ALLA TESTA E ORGANI DI SENSO<\/strong><br \/>\n\u2022 Significato degli organi di senso: percezione, finestre dell\u2019interiorit\u00e0<br \/>\n\u2022 Disturbi agli occhi: miopia, presbiopia, cataratta<br \/>\n\u2022 Disturbi alle orecchie<br \/>\n\u2022 I diversi tipi di mal di testa e il loro legame con gli organi<br \/>\n\u2022 I denti: significato psicosomatico del mal di denti<br \/>\n\u2022 Dolore alla mascella, sanguinamento delle gengive, carie, parodontite<br \/>\n\u2022 Biotipi e mal di testa<\/p>\n<\/div><\/li><li class=\"fusion-li-item\" style=\"\"><span class=\"icon-wrapper circle-yes\"><i class=\"fusion-li-icon fa-arrow-right fas\" aria-hidden=\"true\"><\/i><\/span><div class=\"fusion-li-item-content\">\n<p><strong>LUNED\u00cc 31 MARZO 2025<\/strong><br \/>\n<strong>LETTURA PSICOSOMATICA DEL MAL DI GAMBE E PIEDI<\/strong><br \/>\n\u2022 La parte inferiore del corpo: stabilizza, muove, equilibra, sostiene, radica<br \/>\n\u2022 Tensioni alle gambe costanti e dolori al mattino<br \/>\n\u2022 Cellulite e gonfiore<br \/>\n\u2022 Stasi venosa, fragilit\u00e0 capillare e vene varicose<br \/>\n\u2022 Sindrome delle gambe senza riposo<br \/>\n\u2022 Formicolii, fitte e dolori muscolari<br \/>\n\u2022 Dolori ai piedi, piedi gonfi, verruche, calli, duroni<br \/>\n\u2022 Significato delle dita dei piedi<br \/>\n\u2022 Camminare con i piedi volti verso l\u2019interno\/esterno, trascinare i piedi, camminare sui talloni\/in punta dei piedi<br \/>\n\u2022 Collegamento di queste problematiche con i diversi biotipi costituzionali<\/p>\n<\/div><\/li><\/ul><div style=\"text-align:center;\"><a class=\"fusion-button button-flat fusion-button-default-size button-default fusion-button-default button-4 fusion-button-default-span fusion-button-default-type\" style=\"--button-border-radius-top-left:100px;--button-border-radius-top-right:100px;--button-border-radius-bottom-right:100px;--button-border-radius-bottom-left:100px;\" target=\"_blank\" rel=\"noopener noreferrer\" href=\"https:\/\/form.jotform.com\/242523725692359\"><span class=\"fusion-button-text awb-button__text awb-button__text--default\">ISCRIVITI ALLA MASTERCLASS<\/span><\/a><\/div><\/div><\/div><\/div><\/div><\/p>\n","protected":false},"excerpt":{"rendered":"","protected":false},"author":2,"featured_media":10503,"comment_status":"closed","ping_status":"open","sticky":false,"template":"","format":"standard","meta":{"om_disable_all_campaigns":false,"_monsterinsights_skip_tracking":false,"_monsterinsights_sitenote_active":false,"_monsterinsights_sitenote_note":"","_monsterinsights_sitenote_category":0,"footnotes":""},"categories":[1],"tags":[],"class_list":["post-10476","post","type-post","status-publish","format-standard","has-post-thumbnail","hentry","category-archivio"],"yoast_head":"<!-- This site is optimized with the Yoast SEO plugin v27.5 - https:\/\/yoast.com\/product\/yoast-seo-wordpress\/ -->\n<title>Approfondimenti pratici di psicosomatica funzionale<\/title>\n<meta name=\"description\" content=\"Il disturbo psicosomatico viene definito come la risposta fisica ad un disagio psicologico, tra cui stress emotivo, ansia, paura, preoccupazione. Ad esempio, l\u2019impossibilit\u00e0 ad esprimere angoscia pu\u00f2 manifestarsi a livello fisico con una disfunzione patologica di alcuni organi: il sistema nervoso vegetativo, infatti, veicola gli input provenienti dal sistema nervoso centrale determinando alterazioni nella funzionalit\u00e0 degli organi bersaglio. In quest\u2019ottica, quindi, capire l\u2019origine psicosomatica di un disturbo fisico permette di trattarlo in maniera efficace andando alla radice e non solo limitandosi alla manifestazione fisiologica.\" \/>\n<meta name=\"robots\" content=\"index, follow, max-snippet:-1, max-image-preview:large, max-video-preview:-1\" \/>\n<link rel=\"canonical\" href=\"https:\/\/nutrivacademy.it\/index.php\/2024\/07\/01\/approfondimenti-pratici-di-psicosomatica-funzionale\/\" \/>\n<meta property=\"og:locale\" content=\"it_IT\" \/>\n<meta property=\"og:type\" content=\"article\" \/>\n<meta property=\"og:title\" content=\"Approfondimenti pratici di psicosomatica funzionale\" \/>\n<meta property=\"og:description\" content=\"Il disturbo psicosomatico viene definito come la risposta fisica ad un disagio psicologico, tra cui stress emotivo, ansia, paura, preoccupazione. Ad esempio, l\u2019impossibilit\u00e0 ad esprimere angoscia pu\u00f2 manifestarsi a livello fisico con una disfunzione patologica di alcuni organi: il sistema nervoso vegetativo, infatti, veicola gli input provenienti dal sistema nervoso centrale determinando alterazioni nella funzionalit\u00e0 degli organi bersaglio. In quest\u2019ottica, quindi, capire l\u2019origine psicosomatica di un disturbo fisico permette di trattarlo in maniera efficace andando alla radice e non solo limitandosi alla manifestazione fisiologica.\" \/>\n<meta property=\"og:url\" content=\"https:\/\/nutrivacademy.it\/index.php\/2024\/07\/01\/approfondimenti-pratici-di-psicosomatica-funzionale\/\" \/>\n<meta property=\"og:site_name\" content=\"Nutriva Academy\" \/>\n<meta property=\"article:published_time\" content=\"2024-07-01T08:02:51+00:00\" \/>\n<meta property=\"article:modified_time\" content=\"2025-08-07T10:00:34+00:00\" \/>\n<meta property=\"og:image\" content=\"https:\/\/nutrivacademy.it\/wp-content\/uploads\/2024\/07\/Corsi-in-presenza-il-lunedi-approf-pratici-psicosomatica.jpg\" \/>\n\t<meta property=\"og:image:width\" content=\"1430\" \/>\n\t<meta property=\"og:image:height\" content=\"1200\" \/>\n\t<meta property=\"og:image:type\" content=\"image\/jpeg\" \/>\n<meta name=\"author\" content=\"Digital\" \/>\n<meta name=\"twitter:card\" content=\"summary_large_image\" \/>\n<meta name=\"twitter:label1\" content=\"Scritto da\" \/>\n\t<meta name=\"twitter:data1\" content=\"Digital\" \/>\n\t<meta name=\"twitter:label2\" content=\"Tempo di lettura stimato\" \/>\n\t<meta name=\"twitter:data2\" content=\"4 minuti\" \/>\n<script type=\"application\/ld+json\" class=\"yoast-schema-graph\">{\"@context\":\"https:\\\/\\\/schema.org\",\"@graph\":[{\"@type\":\"Article\",\"@id\":\"https:\\\/\\\/nutrivacademy.it\\\/index.php\\\/2024\\\/07\\\/01\\\/approfondimenti-pratici-di-psicosomatica-funzionale\\\/#article\",\"isPartOf\":{\"@id\":\"https:\\\/\\\/nutrivacademy.it\\\/index.php\\\/2024\\\/07\\\/01\\\/approfondimenti-pratici-di-psicosomatica-funzionale\\\/\"},\"author\":{\"name\":\"Digital\",\"@id\":\"https:\\\/\\\/nutrivacademy.it\\\/#\\\/schema\\\/person\\\/8285f3a72dafdfa55b9fe3cc077959c7\"},\"headline\":\"Approfondimenti pratici di psicosomatica funzionale\",\"datePublished\":\"2024-07-01T08:02:51+00:00\",\"dateModified\":\"2025-08-07T10:00:34+00:00\",\"mainEntityOfPage\":{\"@id\":\"https:\\\/\\\/nutrivacademy.it\\\/index.php\\\/2024\\\/07\\\/01\\\/approfondimenti-pratici-di-psicosomatica-funzionale\\\/\"},\"wordCount\":3636,\"image\":{\"@id\":\"https:\\\/\\\/nutrivacademy.it\\\/index.php\\\/2024\\\/07\\\/01\\\/approfondimenti-pratici-di-psicosomatica-funzionale\\\/#primaryimage\"},\"thumbnailUrl\":\"https:\\\/\\\/nutrivacademy.it\\\/wp-content\\\/uploads\\\/2024\\\/07\\\/Corsi-in-presenza-il-lunedi-approf-pratici-psicosomatica.jpg\",\"articleSection\":[\"Archivio\"],\"inLanguage\":\"it-IT\"},{\"@type\":\"WebPage\",\"@id\":\"https:\\\/\\\/nutrivacademy.it\\\/index.php\\\/2024\\\/07\\\/01\\\/approfondimenti-pratici-di-psicosomatica-funzionale\\\/\",\"url\":\"https:\\\/\\\/nutrivacademy.it\\\/index.php\\\/2024\\\/07\\\/01\\\/approfondimenti-pratici-di-psicosomatica-funzionale\\\/\",\"name\":\"Approfondimenti pratici di psicosomatica funzionale\",\"isPartOf\":{\"@id\":\"https:\\\/\\\/nutrivacademy.it\\\/#website\"},\"primaryImageOfPage\":{\"@id\":\"https:\\\/\\\/nutrivacademy.it\\\/index.php\\\/2024\\\/07\\\/01\\\/approfondimenti-pratici-di-psicosomatica-funzionale\\\/#primaryimage\"},\"image\":{\"@id\":\"https:\\\/\\\/nutrivacademy.it\\\/index.php\\\/2024\\\/07\\\/01\\\/approfondimenti-pratici-di-psicosomatica-funzionale\\\/#primaryimage\"},\"thumbnailUrl\":\"https:\\\/\\\/nutrivacademy.it\\\/wp-content\\\/uploads\\\/2024\\\/07\\\/Corsi-in-presenza-il-lunedi-approf-pratici-psicosomatica.jpg\",\"datePublished\":\"2024-07-01T08:02:51+00:00\",\"dateModified\":\"2025-08-07T10:00:34+00:00\",\"author\":{\"@id\":\"https:\\\/\\\/nutrivacademy.it\\\/#\\\/schema\\\/person\\\/8285f3a72dafdfa55b9fe3cc077959c7\"},\"description\":\"Il disturbo psicosomatico viene definito come la risposta fisica ad un disagio psicologico, tra cui stress emotivo, ansia, paura, preoccupazione. Ad esempio, l\u2019impossibilit\u00e0 ad esprimere angoscia pu\u00f2 manifestarsi a livello fisico con una disfunzione patologica di alcuni organi: il sistema nervoso vegetativo, infatti, veicola gli input provenienti dal sistema nervoso centrale determinando alterazioni nella funzionalit\u00e0 degli organi bersaglio. In quest\u2019ottica, quindi, capire l\u2019origine psicosomatica di un disturbo fisico permette di trattarlo in maniera efficace andando alla radice e non solo limitandosi alla manifestazione fisiologica.\",\"breadcrumb\":{\"@id\":\"https:\\\/\\\/nutrivacademy.it\\\/index.php\\\/2024\\\/07\\\/01\\\/approfondimenti-pratici-di-psicosomatica-funzionale\\\/#breadcrumb\"},\"inLanguage\":\"it-IT\",\"potentialAction\":[{\"@type\":\"ReadAction\",\"target\":[\"https:\\\/\\\/nutrivacademy.it\\\/index.php\\\/2024\\\/07\\\/01\\\/approfondimenti-pratici-di-psicosomatica-funzionale\\\/\"]}]},{\"@type\":\"ImageObject\",\"inLanguage\":\"it-IT\",\"@id\":\"https:\\\/\\\/nutrivacademy.it\\\/index.php\\\/2024\\\/07\\\/01\\\/approfondimenti-pratici-di-psicosomatica-funzionale\\\/#primaryimage\",\"url\":\"https:\\\/\\\/nutrivacademy.it\\\/wp-content\\\/uploads\\\/2024\\\/07\\\/Corsi-in-presenza-il-lunedi-approf-pratici-psicosomatica.jpg\",\"contentUrl\":\"https:\\\/\\\/nutrivacademy.it\\\/wp-content\\\/uploads\\\/2024\\\/07\\\/Corsi-in-presenza-il-lunedi-approf-pratici-psicosomatica.jpg\",\"width\":1430,\"height\":1200,\"caption\":\"Approfondimenti pratici di psicosomatica funzionale\"},{\"@type\":\"BreadcrumbList\",\"@id\":\"https:\\\/\\\/nutrivacademy.it\\\/index.php\\\/2024\\\/07\\\/01\\\/approfondimenti-pratici-di-psicosomatica-funzionale\\\/#breadcrumb\",\"itemListElement\":[{\"@type\":\"ListItem\",\"position\":1,\"name\":\"Home\",\"item\":\"https:\\\/\\\/nutrivacademy.it\\\/\"},{\"@type\":\"ListItem\",\"position\":2,\"name\":\"Approfondimenti pratici di psicosomatica funzionale\"}]},{\"@type\":\"WebSite\",\"@id\":\"https:\\\/\\\/nutrivacademy.it\\\/#website\",\"url\":\"https:\\\/\\\/nutrivacademy.it\\\/\",\"name\":\"Nutriva Academy\",\"description\":\"La formazione tra scienza e natura\",\"potentialAction\":[{\"@type\":\"SearchAction\",\"target\":{\"@type\":\"EntryPoint\",\"urlTemplate\":\"https:\\\/\\\/nutrivacademy.it\\\/?s={search_term_string}\"},\"query-input\":{\"@type\":\"PropertyValueSpecification\",\"valueRequired\":true,\"valueName\":\"search_term_string\"}}],\"inLanguage\":\"it-IT\"},{\"@type\":\"Person\",\"@id\":\"https:\\\/\\\/nutrivacademy.it\\\/#\\\/schema\\\/person\\\/8285f3a72dafdfa55b9fe3cc077959c7\",\"name\":\"Digital\",\"image\":{\"@type\":\"ImageObject\",\"inLanguage\":\"it-IT\",\"@id\":\"https:\\\/\\\/secure.gravatar.com\\\/avatar\\\/bfc5906ce6291c08702e2bc67480248db800740225c105aa910c4e596f6e1741?s=96&d=mm&r=g\",\"url\":\"https:\\\/\\\/secure.gravatar.com\\\/avatar\\\/bfc5906ce6291c08702e2bc67480248db800740225c105aa910c4e596f6e1741?s=96&d=mm&r=g\",\"contentUrl\":\"https:\\\/\\\/secure.gravatar.com\\\/avatar\\\/bfc5906ce6291c08702e2bc67480248db800740225c105aa910c4e596f6e1741?s=96&d=mm&r=g\",\"caption\":\"Digital\"},\"url\":\"https:\\\/\\\/nutrivacademy.it\\\/index.php\\\/author\\\/digital\\\/\"}]}<\/script>\n<!-- \/ Yoast SEO plugin. -->","yoast_head_json":{"title":"Approfondimenti pratici di psicosomatica funzionale","description":"Il disturbo psicosomatico viene definito come la risposta fisica ad un disagio psicologico, tra cui stress emotivo, ansia, paura, preoccupazione. Ad esempio, l\u2019impossibilit\u00e0 ad esprimere angoscia pu\u00f2 manifestarsi a livello fisico con una disfunzione patologica di alcuni organi: il sistema nervoso vegetativo, infatti, veicola gli input provenienti dal sistema nervoso centrale determinando alterazioni nella funzionalit\u00e0 degli organi bersaglio. In quest\u2019ottica, quindi, capire l\u2019origine psicosomatica di un disturbo fisico permette di trattarlo in maniera efficace andando alla radice e non solo limitandosi alla manifestazione fisiologica.","robots":{"index":"index","follow":"follow","max-snippet":"max-snippet:-1","max-image-preview":"max-image-preview:large","max-video-preview":"max-video-preview:-1"},"canonical":"https:\/\/nutrivacademy.it\/index.php\/2024\/07\/01\/approfondimenti-pratici-di-psicosomatica-funzionale\/","og_locale":"it_IT","og_type":"article","og_title":"Approfondimenti pratici di psicosomatica funzionale","og_description":"Il disturbo psicosomatico viene definito come la risposta fisica ad un disagio psicologico, tra cui stress emotivo, ansia, paura, preoccupazione. Ad esempio, l\u2019impossibilit\u00e0 ad esprimere angoscia pu\u00f2 manifestarsi a livello fisico con una disfunzione patologica di alcuni organi: il sistema nervoso vegetativo, infatti, veicola gli input provenienti dal sistema nervoso centrale determinando alterazioni nella funzionalit\u00e0 degli organi bersaglio. In quest\u2019ottica, quindi, capire l\u2019origine psicosomatica di un disturbo fisico permette di trattarlo in maniera efficace andando alla radice e non solo limitandosi alla manifestazione fisiologica.","og_url":"https:\/\/nutrivacademy.it\/index.php\/2024\/07\/01\/approfondimenti-pratici-di-psicosomatica-funzionale\/","og_site_name":"Nutriva Academy","article_published_time":"2024-07-01T08:02:51+00:00","article_modified_time":"2025-08-07T10:00:34+00:00","og_image":[{"width":1430,"height":1200,"url":"https:\/\/nutrivacademy.it\/wp-content\/uploads\/2024\/07\/Corsi-in-presenza-il-lunedi-approf-pratici-psicosomatica.jpg","type":"image\/jpeg"}],"author":"Digital","twitter_card":"summary_large_image","twitter_misc":{"Scritto da":"Digital","Tempo di lettura stimato":"4 minuti"},"schema":{"@context":"https:\/\/schema.org","@graph":[{"@type":"Article","@id":"https:\/\/nutrivacademy.it\/index.php\/2024\/07\/01\/approfondimenti-pratici-di-psicosomatica-funzionale\/#article","isPartOf":{"@id":"https:\/\/nutrivacademy.it\/index.php\/2024\/07\/01\/approfondimenti-pratici-di-psicosomatica-funzionale\/"},"author":{"name":"Digital","@id":"https:\/\/nutrivacademy.it\/#\/schema\/person\/8285f3a72dafdfa55b9fe3cc077959c7"},"headline":"Approfondimenti pratici di psicosomatica funzionale","datePublished":"2024-07-01T08:02:51+00:00","dateModified":"2025-08-07T10:00:34+00:00","mainEntityOfPage":{"@id":"https:\/\/nutrivacademy.it\/index.php\/2024\/07\/01\/approfondimenti-pratici-di-psicosomatica-funzionale\/"},"wordCount":3636,"image":{"@id":"https:\/\/nutrivacademy.it\/index.php\/2024\/07\/01\/approfondimenti-pratici-di-psicosomatica-funzionale\/#primaryimage"},"thumbnailUrl":"https:\/\/nutrivacademy.it\/wp-content\/uploads\/2024\/07\/Corsi-in-presenza-il-lunedi-approf-pratici-psicosomatica.jpg","articleSection":["Archivio"],"inLanguage":"it-IT"},{"@type":"WebPage","@id":"https:\/\/nutrivacademy.it\/index.php\/2024\/07\/01\/approfondimenti-pratici-di-psicosomatica-funzionale\/","url":"https:\/\/nutrivacademy.it\/index.php\/2024\/07\/01\/approfondimenti-pratici-di-psicosomatica-funzionale\/","name":"Approfondimenti pratici di psicosomatica funzionale","isPartOf":{"@id":"https:\/\/nutrivacademy.it\/#website"},"primaryImageOfPage":{"@id":"https:\/\/nutrivacademy.it\/index.php\/2024\/07\/01\/approfondimenti-pratici-di-psicosomatica-funzionale\/#primaryimage"},"image":{"@id":"https:\/\/nutrivacademy.it\/index.php\/2024\/07\/01\/approfondimenti-pratici-di-psicosomatica-funzionale\/#primaryimage"},"thumbnailUrl":"https:\/\/nutrivacademy.it\/wp-content\/uploads\/2024\/07\/Corsi-in-presenza-il-lunedi-approf-pratici-psicosomatica.jpg","datePublished":"2024-07-01T08:02:51+00:00","dateModified":"2025-08-07T10:00:34+00:00","author":{"@id":"https:\/\/nutrivacademy.it\/#\/schema\/person\/8285f3a72dafdfa55b9fe3cc077959c7"},"description":"Il disturbo psicosomatico viene definito come la risposta fisica ad un disagio psicologico, tra cui stress emotivo, ansia, paura, preoccupazione. Ad esempio, l\u2019impossibilit\u00e0 ad esprimere angoscia pu\u00f2 manifestarsi a livello fisico con una disfunzione patologica di alcuni organi: il sistema nervoso vegetativo, infatti, veicola gli input provenienti dal sistema nervoso centrale determinando alterazioni nella funzionalit\u00e0 degli organi bersaglio. In quest\u2019ottica, quindi, capire l\u2019origine psicosomatica di un disturbo fisico permette di trattarlo in maniera efficace andando alla radice e non solo limitandosi alla manifestazione fisiologica.","breadcrumb":{"@id":"https:\/\/nutrivacademy.it\/index.php\/2024\/07\/01\/approfondimenti-pratici-di-psicosomatica-funzionale\/#breadcrumb"},"inLanguage":"it-IT","potentialAction":[{"@type":"ReadAction","target":["https:\/\/nutrivacademy.it\/index.php\/2024\/07\/01\/approfondimenti-pratici-di-psicosomatica-funzionale\/"]}]},{"@type":"ImageObject","inLanguage":"it-IT","@id":"https:\/\/nutrivacademy.it\/index.php\/2024\/07\/01\/approfondimenti-pratici-di-psicosomatica-funzionale\/#primaryimage","url":"https:\/\/nutrivacademy.it\/wp-content\/uploads\/2024\/07\/Corsi-in-presenza-il-lunedi-approf-pratici-psicosomatica.jpg","contentUrl":"https:\/\/nutrivacademy.it\/wp-content\/uploads\/2024\/07\/Corsi-in-presenza-il-lunedi-approf-pratici-psicosomatica.jpg","width":1430,"height":1200,"caption":"Approfondimenti pratici di psicosomatica funzionale"},{"@type":"BreadcrumbList","@id":"https:\/\/nutrivacademy.it\/index.php\/2024\/07\/01\/approfondimenti-pratici-di-psicosomatica-funzionale\/#breadcrumb","itemListElement":[{"@type":"ListItem","position":1,"name":"Home","item":"https:\/\/nutrivacademy.it\/"},{"@type":"ListItem","position":2,"name":"Approfondimenti pratici di psicosomatica funzionale"}]},{"@type":"WebSite","@id":"https:\/\/nutrivacademy.it\/#website","url":"https:\/\/nutrivacademy.it\/","name":"Nutriva Academy","description":"La formazione tra scienza e natura","potentialAction":[{"@type":"SearchAction","target":{"@type":"EntryPoint","urlTemplate":"https:\/\/nutrivacademy.it\/?s={search_term_string}"},"query-input":{"@type":"PropertyValueSpecification","valueRequired":true,"valueName":"search_term_string"}}],"inLanguage":"it-IT"},{"@type":"Person","@id":"https:\/\/nutrivacademy.it\/#\/schema\/person\/8285f3a72dafdfa55b9fe3cc077959c7","name":"Digital","image":{"@type":"ImageObject","inLanguage":"it-IT","@id":"https:\/\/secure.gravatar.com\/avatar\/bfc5906ce6291c08702e2bc67480248db800740225c105aa910c4e596f6e1741?s=96&d=mm&r=g","url":"https:\/\/secure.gravatar.com\/avatar\/bfc5906ce6291c08702e2bc67480248db800740225c105aa910c4e596f6e1741?s=96&d=mm&r=g","contentUrl":"https:\/\/secure.gravatar.com\/avatar\/bfc5906ce6291c08702e2bc67480248db800740225c105aa910c4e596f6e1741?s=96&d=mm&r=g","caption":"Digital"},"url":"https:\/\/nutrivacademy.it\/index.php\/author\/digital\/"}]}},"_links":{"self":[{"href":"https:\/\/nutrivacademy.it\/index.php\/wp-json\/wp\/v2\/posts\/10476","targetHints":{"allow":["GET"]}}],"collection":[{"href":"https:\/\/nutrivacademy.it\/index.php\/wp-json\/wp\/v2\/posts"}],"about":[{"href":"https:\/\/nutrivacademy.it\/index.php\/wp-json\/wp\/v2\/types\/post"}],"author":[{"embeddable":true,"href":"https:\/\/nutrivacademy.it\/index.php\/wp-json\/wp\/v2\/users\/2"}],"replies":[{"embeddable":true,"href":"https:\/\/nutrivacademy.it\/index.php\/wp-json\/wp\/v2\/comments?post=10476"}],"version-history":[{"count":25,"href":"https:\/\/nutrivacademy.it\/index.php\/wp-json\/wp\/v2\/posts\/10476\/revisions"}],"predecessor-version":[{"id":10869,"href":"https:\/\/nutrivacademy.it\/index.php\/wp-json\/wp\/v2\/posts\/10476\/revisions\/10869"}],"wp:featuredmedia":[{"embeddable":true,"href":"https:\/\/nutrivacademy.it\/index.php\/wp-json\/wp\/v2\/media\/10503"}],"wp:attachment":[{"href":"https:\/\/nutrivacademy.it\/index.php\/wp-json\/wp\/v2\/media?parent=10476"}],"wp:term":[{"taxonomy":"category","embeddable":true,"href":"https:\/\/nutrivacademy.it\/index.php\/wp-json\/wp\/v2\/categories?post=10476"},{"taxonomy":"post_tag","embeddable":true,"href":"https:\/\/nutrivacademy.it\/index.php\/wp-json\/wp\/v2\/tags?post=10476"}],"curies":[{"name":"wp","href":"https:\/\/api.w.org\/{rel}","templated":true}]}}