{"id":11488,"date":"2026-04-01T14:19:59","date_gmt":"2026-04-01T14:19:59","guid":{"rendered":"https:\/\/nutrivacademy.it\/?p=11488"},"modified":"2026-04-02T11:49:17","modified_gmt":"2026-04-02T11:49:17","slug":"presentazione-corso-dott-menghini-il-linguaggio-del-corpo-per-la-consulenza-professionale-corsi-in-presenza-we-aprile-2026","status":"publish","type":"post","link":"https:\/\/nutrivacademy.it\/index.php\/2026\/04\/01\/presentazione-corso-dott-menghini-il-linguaggio-del-corpo-per-la-consulenza-professionale-corsi-in-presenza-we-aprile-2026\/","title":{"rendered":"Presentazione corso Dott.Menghini: Il Linguaggio del Corpo per la Consulenza Professionale &#8211; Corsi in presenza WE &#8211; Aprile 2026"},"content":{"rendered":"<p><div class=\"fusion-fullwidth fullwidth-box fusion-builder-row-1 fusion-flex-container has-pattern-background has-mask-background nonhundred-percent-fullwidth non-hundred-percent-height-scrolling\" style=\"--awb-border-radius-top-left:0px;--awb-border-radius-top-right:0px;--awb-border-radius-bottom-right:0px;--awb-border-radius-bottom-left:0px;--awb-padding-top:10px;--awb-padding-right:10px;--awb-padding-bottom:10px;--awb-padding-left:10px;--awb-background-color:var(--awb-color3);--awb-flex-wrap:wrap;\" ><div class=\"fusion-builder-row fusion-row fusion-flex-align-items-flex-start fusion-flex-content-wrap\" style=\"max-width:1248px;margin-left: calc(-4% \/ 2 );margin-right: calc(-4% \/ 2 );\"><div class=\"fusion-layout-column fusion_builder_column fusion-builder-column-0 fusion_builder_column_1_1 1_1 fusion-flex-column\" style=\"--awb-bg-size:cover;--awb-width-large:100%;--awb-margin-top-large:0px;--awb-spacing-right-large:1.92%;--awb-margin-bottom-large:20px;--awb-spacing-left-large:1.92%;--awb-width-medium:100%;--awb-order-medium:0;--awb-spacing-right-medium:1.92%;--awb-spacing-left-medium:1.92%;--awb-width-small:100%;--awb-order-small:0;--awb-spacing-right-small:1.92%;--awb-spacing-left-small:1.92%;\"><div class=\"fusion-column-wrapper fusion-column-has-shadow fusion-flex-justify-content-flex-start fusion-content-layout-column\"><div class=\"fusion-text fusion-text-1\"><p style=\"text-align: left;\"><strong>PRESENTAZIONE DEL CORSO: Il Linguaggio del Corpo per la Consulenza Professionale &#8211; Corsi in presenza formula Weekend<\/strong><br \/>\n<strong>Data di svolgimento della presentazione:<br \/>\n<\/strong>mercoled\u00ec 8 aprile 2026 (14.00-14.45)<br \/>\n<strong>Docente:<\/strong> Dott. Roberto Menghini<\/p>\n<\/div><div class=\"fusion-separator fusion-full-width-sep\" style=\"align-self: center;margin-left: auto;margin-right: auto;margin-top:20px;margin-bottom:20px;width:100%;\"><div class=\"fusion-separator-border sep-double\" style=\"--awb-height:20px;--awb-amount:20px;border-color:var(--awb-color3);border-top-width:1px;border-bottom-width:1px;\"><\/div><\/div><div style=\"text-align:center;\"><a class=\"fusion-button button-flat fusion-button-default-size button-custom fusion-button-default button-1 fusion-button-default-span \" style=\"--button_bevel_color:#47c7cd;--button_bevel_color_hover:#47c7cd;--button_accent_color:var(--awb-color1);--button_border_color:var(--awb-color2);--button_accent_hover_color:#ffffff;--button_border_hover_color:#47c7cd;--button_border_width-top:0px;--button_border_width-right:0px;--button_border_width-bottom:0px;--button_border_width-left:0px;--button-border-radius-top-left:100px;--button-border-radius-top-right:100px;--button-border-radius-bottom-right:100px;--button-border-radius-bottom-left:100px;--button_gradient_top_color:var(--awb-color2);--button_gradient_bottom_color:var(--awb-color2);--button_gradient_top_color_hover:var(--awb-color4);--button_gradient_bottom_color_hover:var(--awb-color4);--button_text_transform:var(--awb-typography3-text-transform);--button_font_size:17px;--button_line_height:1.7;--button_padding-top:20px;--button_padding-right:40px;--button_padding-bottom:20px;--button_padding-left:40px;--button_typography-letter-spacing:0px;--button_typography-font-family:&quot;Lato&quot;;--button_typography-font-style:normal;--button_typography-font-weight:400;\" target=\"_blank\" rel=\"noopener noreferrer\" href=\"https:\/\/form.jotform.com\/260910870363355\"><i class=\"fa-file-signature fas button-icon-left\" aria-hidden=\"true\"><\/i><span class=\"fusion-button-text\">ISCRIVITI ALLA PRESENTAZIONE DEL CORSO<\/span><\/a><\/div><div class=\"fusion-separator fusion-full-width-sep\" style=\"align-self: center;margin-left: auto;margin-right: auto;margin-top:20px;margin-bottom:20px;width:100%;\"><div class=\"fusion-separator-border sep-double\" style=\"--awb-height:20px;--awb-amount:20px;border-color:var(--awb-color3);border-top-width:1px;border-bottom-width:1px;\"><\/div><\/div><div class=\"fusion-text fusion-text-2\"><p><strong>Sei un professionista nell\u2019ambito sanitario e del benessere?<\/strong><br \/>\n<strong>Vuoi migliorare le tue capacit\u00e0 di comunicare?<\/strong><br \/>\n<strong>Vuoi ottimizzare il tuo consiglio al cliente\/paziente?<\/strong><\/p>\n<p><strong>Ti \u00e8 mai capitato di dare un consiglio inefficace?<\/strong><br \/>\n<strong>Ti sei mai domandato il perch\u00e9 anche se ti sei attenuto perfettamente ai protocolli?<\/strong><\/p>\n<p><strong>Forse il tuo paziente\/cliente non riesce ad esprimere tutto a parole\u2026\u2026\u2026<\/strong><br \/>\n<strong>Forse interpreta un\u2019esigenza in un modo non corretto fuorviando il tuo consiglio\u2026\u2026.<\/strong><br \/>\n<strong>Forse quel rimedio non \u00e8 adatto alla sua tipologia corporea\u2026\u2026\u2026<\/strong><\/p>\n<p>Un corso per <strong>andare oltre all\u2019ascolto della sola parola<\/strong>, ottimizzando il consiglio e aumentando la tua capacit\u00e0 professionale.<\/p>\n<p>Il <strong>rischio nel non saper \u201cleggere\u201d la persona in un modo che va oltre le parole<\/strong> \u00e8 quello di offrire al cliente un consiglio\/prodotto inefficace, con scarsi risultati e conseguente perdita di credibilit\u00e0.<\/p>\n<p>L\u2019obiettivo del corso \u00e8 di <strong>ottimizzare il tuo modo di porti in modo positivo e propositivo<\/strong> verso la clientela, <strong>saper ascoltare non solo le parole ma anche il corpo, i micro-movimenti, il tono e il timbro della voce, l\u2019atteggiamento, il viso,<\/strong> al fine di<strong> comprendere le esigenze reali<\/strong> delle persone che si affidano a te e il prodotto pi\u00f9 adatto.<\/p>\n<p>L\u2019elemento pi\u00f9 importante della comunicazione non \u00e8 rappresentato dalle parole ma dall\u2019insieme degli atteggiamenti e dei movimenti del corpo. Si parla di linguaggio verbale, non verbale e paraverbale. Il messaggio che il cliente vuole comunicare dipende per il 7% dalle parole, per il 38% dalla voce e per il 55% dalla comunicazione non verbale.<\/p>\n<p>Il linguaggio paraverbale tiene conto anche di come diciamo una cosa attraverso, ad esempio, il tono e volume della voce, la velocit\u00e0, la postura, i gesti.<\/p>\n<p>Un sopracciglio inarcato, un sorriso, le mani che si muovono in micro-movimenti sono tutti segnali non verbali che fanno parte del linguaggio del corpo e questa forma di comunicazione pu\u00f2 rivelare molto pi\u00f9 di ci\u00f2 che si esprime con le parole.<\/p>\n<p>Nel corso verranno anche approfonditi i diversi biotipi costituzionali (spesso legati a diverse prevalenze ormonali), che manifestano specifiche caratteristiche morfologiche, fisiologiche e psicologiche, corrispondenti ad esigenze diverse magari per una stessa problematica riferita. Verr\u00e0 approfondita la diversa modalit\u00e0 di approccio, a seconda del soggetto, al fine di ottimizzare la propria consulenza e consiglio professionale.<\/p>\n<p>Saper interpretare i segnali del corpo \u00e8 una competenza che ci permette di ottenere una visione pi\u00f9 completa e autentica dell\u2019esigenza del cliente. Questa consapevolezza pu\u00f2 aiutarti a migliorare tua stessa comunicazione non verbale e pu\u00f2 essere un valido aiuto per gestire al meglio il consiglio.<\/p>\n<\/div><div class=\"fusion-separator fusion-full-width-sep\" style=\"align-self: center;margin-left: auto;margin-right: auto;margin-top:20px;margin-bottom:20px;width:100%;\"><div class=\"fusion-separator-border sep-double\" style=\"--awb-height:20px;--awb-amount:20px;border-color:var(--awb-color3);border-top-width:1px;border-bottom-width:1px;\"><\/div><\/div><div style=\"text-align:center;\"><a class=\"fusion-button button-flat fusion-button-default-size button-custom fusion-button-default button-2 fusion-button-default-span \" style=\"--button_bevel_color:#47c7cd;--button_bevel_color_hover:#47c7cd;--button_accent_color:var(--awb-color1);--button_border_color:var(--awb-color2);--button_accent_hover_color:#ffffff;--button_border_hover_color:#47c7cd;--button_border_width-top:0px;--button_border_width-right:0px;--button_border_width-bottom:0px;--button_border_width-left:0px;--button-border-radius-top-left:100px;--button-border-radius-top-right:100px;--button-border-radius-bottom-right:100px;--button-border-radius-bottom-left:100px;--button_gradient_top_color:var(--awb-color2);--button_gradient_bottom_color:var(--awb-color2);--button_gradient_top_color_hover:var(--awb-color4);--button_gradient_bottom_color_hover:var(--awb-color4);--button_text_transform:var(--awb-typography3-text-transform);--button_font_size:17px;--button_line_height:1.7;--button_padding-top:20px;--button_padding-right:40px;--button_padding-bottom:20px;--button_padding-left:40px;--button_typography-letter-spacing:0px;--button_typography-font-family:&quot;Lato&quot;;--button_typography-font-style:normal;--button_typography-font-weight:400;\" target=\"_blank\" rel=\"noopener noreferrer\" href=\"https:\/\/nutrivacademy.it\/wp-content\/uploads\/2026\/04\/Presentazione-Il-Linguaggio-del-corpo-per-la-consulenza-professionale-Corsi-presenza-WE-Nutriva-Academy25-26.pdf\"><i class=\"fa-file-signature fas button-icon-left\" aria-hidden=\"true\"><\/i><span class=\"fusion-button-text\">Scarica pdf presentazione<\/span><\/a><\/div><\/div><\/div><div class=\"fusion-layout-column fusion_builder_column fusion-builder-column-1 fusion_builder_column_1_1 1_1 fusion-flex-column\" style=\"--awb-bg-size:cover;--awb-width-large:100%;--awb-margin-top-large:0px;--awb-spacing-right-large:1.92%;--awb-margin-bottom-large:20px;--awb-spacing-left-large:1.92%;--awb-width-medium:100%;--awb-order-medium:0;--awb-spacing-right-medium:1.92%;--awb-spacing-left-medium:1.92%;--awb-width-small:100%;--awb-order-small:0;--awb-spacing-right-small:1.92%;--awb-spacing-left-small:1.92%;\" data-scroll-devices=\"small-visibility,medium-visibility,large-visibility\"><div class=\"fusion-column-wrapper fusion-column-has-shadow fusion-flex-justify-content-flex-start fusion-content-layout-column\"><div class=\"fusion-title title fusion-title-1 fusion-sep-none fusion-title-text fusion-title-size-paragraph\"><p class=\"fusion-title-heading title-heading-left title-heading-tag\" style=\"margin:0;\"><p><strong>Titolo: Il Linguaggio del Corpo per la Consulenza Professionale &#8211; Corsi in presenza formula Weekend<\/strong><br \/>\n<strong>Date di svolgimento:<br \/>\n<\/strong>sabato 18 aprile 2026 (14.00-18.00)<br \/>\ndomenica 19 aprile 2026 (09.00-17.00)<br \/>\n<strong>Docente:<\/strong> Dott. Roberto Menghini<br \/>\nArgomenti del corso:<\/p><\/p><\/div><ul style=\"--awb-iconcolor:var(--awb-color4);--awb-line-height:27.2px;--awb-icon-width:27.2px;--awb-icon-height:27.2px;--awb-icon-margin:11.2px;--awb-content-margin:38.4px;--awb-circlecolor:var(--awb-color3);--awb-circle-yes-font-size:14.08px;\" class=\"fusion-checklist fusion-checklist-1 fusion-checklist-default type-icons\"><li class=\"fusion-li-item\" style=\"\"><span class=\"icon-wrapper circle-yes\"><i class=\"fusion-li-icon fa-arrow-alt-circle-right fas\" aria-hidden=\"true\"><\/i><\/span><div class=\"fusion-li-item-content\">\n<p><b>IL LINGUAGGIO UNIVERSALE DEL CORPO<\/b><\/p>\n<ul>\n<li>Cosa comunica il corpo: l\u2019importanza della comunicazione non verbale<\/li>\n<li>Corporatura e postura: come variano in relazione allo stress<\/li>\n<li>Lunghezza e proporzioni del corpo: cosa indicano<\/li>\n<li>Aspetto costituzionale del soggetto: caratteristiche strutturali, biochimiche e psichiche di un individuo<\/li>\n<li>La stretta di mano in relazione alla costituzione<\/li>\n<\/ul>\n<\/div><\/li><li class=\"fusion-li-item\" style=\"\"><span class=\"icon-wrapper circle-yes\"><i class=\"fusion-li-icon fa-arrow-alt-circle-right fas\" aria-hidden=\"true\"><\/i><\/span><div class=\"fusion-li-item-content\">\n<p><b>APPROFONDIMENTI DI MORFO-PSICOLOGIA<\/b><\/p>\n<ul>\n<li>Il viso: forma ed espressioni facciali<\/li>\n<li>Le sopracciglia: cosa e come comunicano<\/li>\n<li>Gli occhi: forma, larghezza, distanza<\/li>\n<li>Il naso: cosa e come comunica<\/li>\n<li>La bocca: forma, dimensione e movimento delle labbra<\/li>\n<li>Pelle: le diverse texture e loro significato<\/li>\n<li>Micro-pruriti, micro-fissazioni, micro-carezze<\/li>\n<li>Il linguaggio verbale<\/li>\n<\/ul>\n<\/div><\/li><li class=\"fusion-li-item\" style=\"\"><span class=\"icon-wrapper circle-yes\"><i class=\"fusion-li-icon fa-arrow-alt-circle-right fas\" aria-hidden=\"true\"><\/i><\/span><div class=\"fusion-li-item-content\">\n<p><b>LABORATORIO PRATICO: COME IMPARARE A INTERPRETARE E USARE IL LINGUAGGIO DEL CORPO<\/b><\/p>\n<ul>\n<li>Biotipologia, logge energetiche e predisposizione a determinate patologie<\/li>\n<li>Biotipologia del soggetto per permettere un approccio differenziato e una consulenza efficace<\/li>\n<li>Prove pratiche per il riconoscimento dei diversi soggetti<\/li>\n<li>Come approcciare efficacemente i diversi soggetti per ottimizzare la consulenza<\/li>\n<\/ul>\n<\/div><\/li><\/ul><div class=\"fusion-separator fusion-full-width-sep\" style=\"align-self: center;margin-left: auto;margin-right: auto;margin-top:20px;margin-bottom:20px;width:100%;\"><div class=\"fusion-separator-border sep-double\" style=\"--awb-height:20px;--awb-amount:20px;border-color:var(--awb-color3);border-top-width:1px;border-bottom-width:1px;\"><\/div><\/div><div style=\"text-align:center;\"><a class=\"fusion-button button-flat fusion-button-default-size button-custom fusion-button-default button-3 fusion-button-default-span \" style=\"--button_bevel_color:#47c7cd;--button_bevel_color_hover:#47c7cd;--button_accent_color:var(--awb-color1);--button_border_color:var(--awb-color2);--button_accent_hover_color:#ffffff;--button_border_hover_color:#47c7cd;--button_border_width-top:0px;--button_border_width-right:0px;--button_border_width-bottom:0px;--button_border_width-left:0px;--button-border-radius-top-left:100px;--button-border-radius-top-right:100px;--button-border-radius-bottom-right:100px;--button-border-radius-bottom-left:100px;--button_gradient_top_color:var(--awb-color2);--button_gradient_bottom_color:var(--awb-color2);--button_gradient_top_color_hover:var(--awb-color4);--button_gradient_bottom_color_hover:var(--awb-color4);--button_text_transform:var(--awb-typography3-text-transform);--button_font_size:17px;--button_line_height:1.7;--button_padding-top:20px;--button_padding-right:40px;--button_padding-bottom:20px;--button_padding-left:40px;--button_typography-letter-spacing:0px;--button_typography-font-family:&quot;Lato&quot;;--button_typography-font-style:normal;--button_typography-font-weight:400;\" target=\"_blank\" rel=\"noopener noreferrer\" href=\"https:\/\/form.jotform.com\/252191472620351\"><i class=\"fa-file-signature fas button-icon-left\" aria-hidden=\"true\"><\/i><span class=\"fusion-button-text\">MODULO DI ISCRIZIONE<\/span><\/a><\/div><div class=\"fusion-separator fusion-full-width-sep\" style=\"align-self: center;margin-left: auto;margin-right: auto;margin-top:20px;margin-bottom:20px;width:100%;\"><div class=\"fusion-separator-border sep-double\" style=\"--awb-height:20px;--awb-amount:20px;border-color:var(--awb-color3);border-top-width:1px;border-bottom-width:1px;\"><\/div><\/div><div style=\"text-align:center;\"><a class=\"fusion-button button-flat fusion-button-default-size button-custom fusion-button-default button-4 fusion-button-default-span \" style=\"--button_bevel_color:#47c7cd;--button_bevel_color_hover:#47c7cd;--button_accent_color:var(--awb-color1);--button_border_color:var(--awb-color2);--button_accent_hover_color:#ffffff;--button_border_hover_color:#47c7cd;--button_border_width-top:0px;--button_border_width-right:0px;--button_border_width-bottom:0px;--button_border_width-left:0px;--button-border-radius-top-left:100px;--button-border-radius-top-right:100px;--button-border-radius-bottom-right:100px;--button-border-radius-bottom-left:100px;--button_gradient_top_color:var(--awb-color2);--button_gradient_bottom_color:var(--awb-color2);--button_gradient_top_color_hover:var(--awb-color4);--button_gradient_bottom_color_hover:var(--awb-color4);--button_text_transform:var(--awb-typography3-text-transform);--button_font_size:17px;--button_line_height:1.7;--button_padding-top:20px;--button_padding-right:40px;--button_padding-bottom:20px;--button_padding-left:40px;--button_typography-letter-spacing:0px;--button_typography-font-family:&quot;Lato&quot;;--button_typography-font-style:normal;--button_typography-font-weight:400;\" target=\"_blank\" rel=\"noopener noreferrer\" href=\"https:\/\/nutrivacademy.it\/wp-content\/uploads\/2026\/02\/Il-Linguaggio-del-corpo-per-la-consulenza-professionale-Corsi-presenza-WE-Nutriva-Academy25-26.pdf\"><i class=\"fa-file-signature fas button-icon-left\" aria-hidden=\"true\"><\/i><span class=\"fusion-button-text\">Scheda del corso in formato .pdf<\/span><\/a><\/div><div class=\"fusion-separator fusion-full-width-sep\" style=\"align-self: center;margin-left: auto;margin-right: auto;margin-top:20px;margin-bottom:20px;width:100%;\"><div class=\"fusion-separator-border sep-double\" style=\"--awb-height:20px;--awb-amount:20px;border-color:var(--awb-color3);border-top-width:1px;border-bottom-width:1px;\"><\/div><\/div><ul style=\"--awb-iconcolor:var(--awb-color4);--awb-line-height:27.2px;--awb-icon-width:27.2px;--awb-icon-height:27.2px;--awb-icon-margin:11.2px;--awb-content-margin:38.4px;--awb-circlecolor:var(--awb-color3);--awb-circle-yes-font-size:14.08px;\" class=\"fusion-checklist fusion-checklist-2 fusion-checklist-default type-icons\"><li class=\"fusion-li-item\" style=\"\"><span class=\"icon-wrapper circle-yes\"><i class=\"fusion-li-icon fa-map-marker fas\" aria-hidden=\"true\"><\/i><\/span><div class=\"fusion-li-item-content\">\n<p><strong>Sede:<\/strong> Sala Polivalente Myosotis, via Uruguay 20, Padova<\/p>\n<\/div><\/li><li class=\"fusion-li-item\" style=\"\"><span class=\"icon-wrapper circle-yes\"><i class=\"fusion-li-icon fa-users fas\" aria-hidden=\"true\"><\/i><\/span><div class=\"fusion-li-item-content\">\n<p><strong>Posti disponibili:<\/strong> 30<\/p>\n<\/div><\/li><li class=\"fusion-li-item\" style=\"\"><span class=\"icon-wrapper circle-yes\"><i class=\"fusion-li-icon fa-comments fas\" aria-hidden=\"true\"><\/i><\/span><div class=\"fusion-li-item-content\">\n<p><strong>Modalit\u00e0:<\/strong> In presenza<\/p>\n<\/div><\/li><li class=\"fusion-li-item\" style=\"\"><span class=\"icon-wrapper circle-yes\"><i class=\"fusion-li-icon fa-euro-sign fas\" aria-hidden=\"true\"><\/i><\/span><div class=\"fusion-li-item-content\">\n<p><strong>Quota: <\/strong>euro 190 (iva compresa). \u00a0<b>L\u2019iscrizione comprende:<\/b> kit congressuale, partecipazione ai lavori, attestato di frequenza, <i>coffee break<\/i>, <i>light lunch<\/i>.<\/p>\n<\/div><\/li><li class=\"fusion-li-item\" style=\"\"><span class=\"icon-wrapper circle-yes\"><i class=\"fusion-li-icon fa-chalkboard-teacher fas\" aria-hidden=\"true\"><\/i><\/span><div class=\"fusion-li-item-content\">\n<p><strong>Docente:<\/strong> Dott. Roberto Menghini<\/p>\n<\/div><\/li><li class=\"fusion-li-item\" style=\"\"><span class=\"icon-wrapper circle-yes\"><i class=\"fusion-li-icon fa-bullseye fas\" aria-hidden=\"true\"><\/i><\/span><div class=\"fusion-li-item-content\">\n<p><strong>Attestato:<\/strong> Al termine del corso verr\u00e0 rilasciato un ATTESTATO DI PARTECIPAZIONE ai fini della compilazione del curriculum vitae. Il corso NON rilascia crediti ECM.<\/p>\n<\/div><\/li><\/ul><\/div><\/div><\/div><\/div><div class=\"fusion-fullwidth fullwidth-box fusion-builder-row-2 fusion-flex-container has-pattern-background has-mask-background nonhundred-percent-fullwidth non-hundred-percent-height-scrolling\" style=\"--awb-border-radius-top-left:0px;--awb-border-radius-top-right:0px;--awb-border-radius-bottom-right:0px;--awb-border-radius-bottom-left:0px;--awb-padding-top:100px;--awb-background-color:#ffffff;--awb-flex-wrap:wrap;\" ><div class=\"fusion-builder-row fusion-row fusion-flex-align-items-flex-start fusion-flex-content-wrap\" style=\"max-width:1248px;margin-left: calc(-4% \/ 2 );margin-right: calc(-4% \/ 2 );\"><div class=\"fusion-layout-column fusion_builder_column fusion-builder-column-2 fusion_builder_column_1_2 1_2 fusion-flex-column\" style=\"--awb-bg-size:cover;--awb-width-large:50%;--awb-margin-top-large:0px;--awb-spacing-right-large:3.84%;--awb-margin-bottom-large:0px;--awb-spacing-left-large:3.84%;--awb-width-medium:50%;--awb-order-medium:0;--awb-spacing-right-medium:3.84%;--awb-spacing-left-medium:3.84%;--awb-width-small:100%;--awb-order-small:0;--awb-spacing-right-small:1.92%;--awb-spacing-left-small:1.92%;\"><div class=\"fusion-column-wrapper fusion-column-has-shadow fusion-flex-justify-content-flex-start fusion-content-layout-column\"><div class=\"fusion-image-element \" style=\"--awb-max-width:550px;--awb-caption-title-font-family:var(--h2_typography-font-family);--awb-caption-title-font-weight:var(--h2_typography-font-weight);--awb-caption-title-font-style:var(--h2_typography-font-style);--awb-caption-title-size:var(--h2_typography-font-size);--awb-caption-title-transform:var(--h2_typography-text-transform);--awb-caption-title-line-height:var(--h2_typography-line-height);--awb-caption-title-letter-spacing:var(--h2_typography-letter-spacing);--awb-filter:saturate(100%);--awb-filter-transition:filter 0.3s ease;--awb-filter-hover:saturate(0%);\"><span class=\" fusion-imageframe imageframe-none imageframe-1 hover-type-none\"><img decoding=\"async\" width=\"800\" height=\"800\" alt=\"Dott. Roberto Menghini\" title=\"Dott. Roberto Menghini\" src=\"https:\/\/nutrivacademy.it\/wp-content\/uploads\/2024\/06\/menghini-900x900-1.jpg\" class=\"img-responsive wp-image-10223\" srcset=\"https:\/\/nutrivacademy.it\/wp-content\/uploads\/2024\/06\/menghini-900x900-1-200x200.jpg 200w, https:\/\/nutrivacademy.it\/wp-content\/uploads\/2024\/06\/menghini-900x900-1-400x400.jpg 400w, https:\/\/nutrivacademy.it\/wp-content\/uploads\/2024\/06\/menghini-900x900-1-600x600.jpg 600w, https:\/\/nutrivacademy.it\/wp-content\/uploads\/2024\/06\/menghini-900x900-1.jpg 800w\" sizes=\"(max-width: 640px) 100vw, 600px\" \/><\/span><\/div><\/div><\/div><div class=\"fusion-layout-column fusion_builder_column fusion-builder-column-3 fusion_builder_column_1_2 1_2 fusion-flex-column fusion-flex-align-self-center\" style=\"--awb-padding-top-small:50px;--awb-bg-size:cover;--awb-width-large:50%;--awb-margin-top-large:0px;--awb-spacing-right-large:3.84%;--awb-margin-bottom-large:0px;--awb-spacing-left-large:3.84%;--awb-width-medium:50%;--awb-order-medium:0;--awb-spacing-right-medium:3.84%;--awb-spacing-left-medium:3.84%;--awb-width-small:100%;--awb-order-small:0;--awb-spacing-right-small:1.92%;--awb-spacing-left-small:1.92%;\"><div class=\"fusion-column-wrapper fusion-column-has-shadow fusion-flex-justify-content-flex-start fusion-content-layout-column\"><div class=\"fusion-text fusion-text-3\" style=\"--awb-font-size:30px;--awb-line-height:1.8;--awb-letter-spacing:-0.015em;--awb-text-transform:var(--awb-typography4-text-transform);--awb-text-color:var(--awb-color2);--awb-text-font-family:&quot;Lato&quot;;--awb-text-font-style:normal;--awb-text-font-weight:400;\"><p>Dott. Roberto Menghini<\/p>\n<\/div><div class=\"fusion-title title fusion-title-2 fusion-sep-none fusion-title-text fusion-title-size-three\" style=\"--awb-text-color:var(--awb-color2);--awb-margin-top:0px;--awb-font-size:20px;\"><h3 class=\"fusion-title-heading title-heading-left\" style=\"font-family:&quot;Lato&quot;;font-style:normal;font-weight:400;margin:0;font-size:1em;letter-spacing:-0.015em;text-transform:var(--awb-typography1-text-transform);line-height:1.2;\">Fisioterapista, Osteopata, Docente di Medicina Tradizionale Cinese e Psicosomatica Funzionale<\/h3><\/div><div class=\"fusion-text fusion-text-4 fusion-text-no-margin\" style=\"--awb-font-size:17px;--awb-line-height:1.8;--awb-letter-spacing:-0.015em;--awb-text-transform:var(--awb-typography4-text-transform);--awb-text-color:#22253d;--awb-margin-bottom:0px;--awb-text-font-family:&quot;Mulish&quot;;--awb-text-font-style:normal;--awb-text-font-weight:400;\"><p>Ricercatore-Fisioterpista-osteopata-riflessologo plantare-posturologo-docente-formatore e insegnante yoga. Intraprende i primi studi di riflessologia plantare e si diploma presso \u201cCollege Of Naturopathic &amp; Complementary Medicine of London- United Kingdom\u201d. Nel 2004 diventa insegnante di yoga. Dal 2006 insegna osteopatia e successivamente si laurea in fisioterapia, approfondisce poi gli studi di Medicina Tradizionale Cinese diventandone docente. Assume vari incarichi, tra i quali la direzione didattica e la docenza presso la scuola \u201cCentro di formazione integrata la GLIA\u201d, docente di kinesio tape, kinesiologia, psicosomatica, Medicina Tradizionale Cinese, riflessologia alla \u201cNutrivacademy\u201d di Padova, docente presso SKI: Istituto Italiano di Kinesiologia Sistemica, percorso formativo di Naturopatia Beth di Treviso e collaboratore presso la scuola\u201d MEDInCINA\u201d. Relatore e collaboratore presso DALETH scuola del sintomo.<\/p>\n<\/div><\/div><\/div><\/div><\/div>\n<\/p>\n","protected":false},"excerpt":{"rendered":"","protected":false},"author":1,"featured_media":11500,"comment_status":"closed","ping_status":"open","sticky":false,"template":"","format":"standard","meta":{"om_disable_all_campaigns":false,"_monsterinsights_skip_tracking":false,"_monsterinsights_sitenote_active":false,"_monsterinsights_sitenote_note":"","_monsterinsights_sitenote_category":0,"footnotes":""},"categories":[12,25],"tags":[],"class_list":["post-11488","post","type-post","status-publish","format-standard","has-post-thumbnail","hentry","category-corsi-in-presenza","category-corsi-in-presenza-weekend"],"yoast_head":"<!-- This site is optimized with the Yoast SEO plugin v26.8 - https:\/\/yoast.com\/product\/yoast-seo-wordpress\/ -->\n<title>Presentazione Il Linguaggio del Corpo Consulenza Professionale<\/title>\n<meta name=\"description\" content=\"Il Linguaggio del Corpo per la Consulenza Professionale mercoled\u00ec 8 aprile 2026 (14.00-14.45) presentazione online\" \/>\n<meta name=\"robots\" content=\"index, follow, max-snippet:-1, max-image-preview:large, max-video-preview:-1\" \/>\n<link rel=\"canonical\" href=\"https:\/\/nutrivacademy.it\/index.php\/2026\/04\/01\/presentazione-corso-dott-menghini-il-linguaggio-del-corpo-per-la-consulenza-professionale-corsi-in-presenza-we-aprile-2026\/\" \/>\n<meta property=\"og:locale\" content=\"it_IT\" \/>\n<meta property=\"og:type\" content=\"article\" \/>\n<meta property=\"og:title\" content=\"Presentazione Il Linguaggio del Corpo Consulenza Professionale\" \/>\n<meta property=\"og:description\" content=\"Il Linguaggio del Corpo per la Consulenza Professionale mercoled\u00ec 8 aprile 2026 (14.00-14.45) presentazione online\" \/>\n<meta property=\"og:url\" content=\"https:\/\/nutrivacademy.it\/index.php\/2026\/04\/01\/presentazione-corso-dott-menghini-il-linguaggio-del-corpo-per-la-consulenza-professionale-corsi-in-presenza-we-aprile-2026\/\" \/>\n<meta property=\"og:site_name\" content=\"Nutriva Academy\" \/>\n<meta property=\"article:published_time\" content=\"2026-04-01T14:19:59+00:00\" \/>\n<meta property=\"article:modified_time\" content=\"2026-04-02T11:49:17+00:00\" \/>\n<meta property=\"og:image\" content=\"https:\/\/nutrivacademy.it\/wp-content\/uploads\/2026\/04\/presentazione-presenza-lunedi-linguaggio-corpo-3.jpg\" \/>\n\t<meta property=\"og:image:width\" content=\"1430\" \/>\n\t<meta property=\"og:image:height\" content=\"1350\" \/>\n\t<meta property=\"og:image:type\" content=\"image\/jpeg\" \/>\n<meta name=\"author\" content=\"admin\" \/>\n<meta name=\"twitter:card\" content=\"summary_large_image\" \/>\n<meta name=\"twitter:label1\" content=\"Scritto da\" \/>\n\t<meta name=\"twitter:data1\" content=\"admin\" \/>\n\t<meta name=\"twitter:label2\" content=\"Tempo di lettura stimato\" \/>\n\t<meta name=\"twitter:data2\" content=\"5 minuti\" \/>\n<script type=\"application\/ld+json\" class=\"yoast-schema-graph\">{\"@context\":\"https:\/\/schema.org\",\"@graph\":[{\"@type\":\"Article\",\"@id\":\"https:\/\/nutrivacademy.it\/index.php\/2026\/04\/01\/presentazione-corso-dott-menghini-il-linguaggio-del-corpo-per-la-consulenza-professionale-corsi-in-presenza-we-aprile-2026\/#article\",\"isPartOf\":{\"@id\":\"https:\/\/nutrivacademy.it\/index.php\/2026\/04\/01\/presentazione-corso-dott-menghini-il-linguaggio-del-corpo-per-la-consulenza-professionale-corsi-in-presenza-we-aprile-2026\/\"},\"author\":{\"name\":\"admin\",\"@id\":\"https:\/\/nutrivacademy.it\/#\/schema\/person\/d16fc9977b5d74a817f45e723b455515\"},\"headline\":\"Presentazione corso Dott.Menghini: Il Linguaggio del Corpo per la Consulenza Professionale &#8211; Corsi in presenza WE &#8211; Aprile 2026\",\"datePublished\":\"2026-04-01T14:19:59+00:00\",\"dateModified\":\"2026-04-02T11:49:17+00:00\",\"mainEntityOfPage\":{\"@id\":\"https:\/\/nutrivacademy.it\/index.php\/2026\/04\/01\/presentazione-corso-dott-menghini-il-linguaggio-del-corpo-per-la-consulenza-professionale-corsi-in-presenza-we-aprile-2026\/\"},\"wordCount\":3991,\"image\":{\"@id\":\"https:\/\/nutrivacademy.it\/index.php\/2026\/04\/01\/presentazione-corso-dott-menghini-il-linguaggio-del-corpo-per-la-consulenza-professionale-corsi-in-presenza-we-aprile-2026\/#primaryimage\"},\"thumbnailUrl\":\"https:\/\/nutrivacademy.it\/wp-content\/uploads\/2026\/04\/presentazione-presenza-lunedi-linguaggio-corpo-3.jpg\",\"articleSection\":[\"Corsi in presenza\",\"Corsi in presenza Formula Weekend\"],\"inLanguage\":\"it-IT\"},{\"@type\":\"WebPage\",\"@id\":\"https:\/\/nutrivacademy.it\/index.php\/2026\/04\/01\/presentazione-corso-dott-menghini-il-linguaggio-del-corpo-per-la-consulenza-professionale-corsi-in-presenza-we-aprile-2026\/\",\"url\":\"https:\/\/nutrivacademy.it\/index.php\/2026\/04\/01\/presentazione-corso-dott-menghini-il-linguaggio-del-corpo-per-la-consulenza-professionale-corsi-in-presenza-we-aprile-2026\/\",\"name\":\"Presentazione Il Linguaggio del Corpo Consulenza Professionale\",\"isPartOf\":{\"@id\":\"https:\/\/nutrivacademy.it\/#website\"},\"primaryImageOfPage\":{\"@id\":\"https:\/\/nutrivacademy.it\/index.php\/2026\/04\/01\/presentazione-corso-dott-menghini-il-linguaggio-del-corpo-per-la-consulenza-professionale-corsi-in-presenza-we-aprile-2026\/#primaryimage\"},\"image\":{\"@id\":\"https:\/\/nutrivacademy.it\/index.php\/2026\/04\/01\/presentazione-corso-dott-menghini-il-linguaggio-del-corpo-per-la-consulenza-professionale-corsi-in-presenza-we-aprile-2026\/#primaryimage\"},\"thumbnailUrl\":\"https:\/\/nutrivacademy.it\/wp-content\/uploads\/2026\/04\/presentazione-presenza-lunedi-linguaggio-corpo-3.jpg\",\"datePublished\":\"2026-04-01T14:19:59+00:00\",\"dateModified\":\"2026-04-02T11:49:17+00:00\",\"author\":{\"@id\":\"https:\/\/nutrivacademy.it\/#\/schema\/person\/d16fc9977b5d74a817f45e723b455515\"},\"description\":\"Il Linguaggio del Corpo per la Consulenza Professionale mercoled\u00ec 8 aprile 2026 (14.00-14.45) presentazione online\",\"breadcrumb\":{\"@id\":\"https:\/\/nutrivacademy.it\/index.php\/2026\/04\/01\/presentazione-corso-dott-menghini-il-linguaggio-del-corpo-per-la-consulenza-professionale-corsi-in-presenza-we-aprile-2026\/#breadcrumb\"},\"inLanguage\":\"it-IT\",\"potentialAction\":[{\"@type\":\"ReadAction\",\"target\":[\"https:\/\/nutrivacademy.it\/index.php\/2026\/04\/01\/presentazione-corso-dott-menghini-il-linguaggio-del-corpo-per-la-consulenza-professionale-corsi-in-presenza-we-aprile-2026\/\"]}]},{\"@type\":\"ImageObject\",\"inLanguage\":\"it-IT\",\"@id\":\"https:\/\/nutrivacademy.it\/index.php\/2026\/04\/01\/presentazione-corso-dott-menghini-il-linguaggio-del-corpo-per-la-consulenza-professionale-corsi-in-presenza-we-aprile-2026\/#primaryimage\",\"url\":\"https:\/\/nutrivacademy.it\/wp-content\/uploads\/2026\/04\/presentazione-presenza-lunedi-linguaggio-corpo-3.jpg\",\"contentUrl\":\"https:\/\/nutrivacademy.it\/wp-content\/uploads\/2026\/04\/presentazione-presenza-lunedi-linguaggio-corpo-3.jpg\",\"width\":1430,\"height\":1350,\"caption\":\"Presentazione corso Dott.Menghini: Il Linguaggio del Corpo per la Consulenza Professionale - Corsi in presenza WE - Aprile 2026\"},{\"@type\":\"BreadcrumbList\",\"@id\":\"https:\/\/nutrivacademy.it\/index.php\/2026\/04\/01\/presentazione-corso-dott-menghini-il-linguaggio-del-corpo-per-la-consulenza-professionale-corsi-in-presenza-we-aprile-2026\/#breadcrumb\",\"itemListElement\":[{\"@type\":\"ListItem\",\"position\":1,\"name\":\"Home\",\"item\":\"https:\/\/nutrivacademy.it\/\"},{\"@type\":\"ListItem\",\"position\":2,\"name\":\"Presentazione corso Dott.Menghini: Il Linguaggio del Corpo per la Consulenza Professionale &#8211; Corsi in presenza WE &#8211; Aprile 2026\"}]},{\"@type\":\"WebSite\",\"@id\":\"https:\/\/nutrivacademy.it\/#website\",\"url\":\"https:\/\/nutrivacademy.it\/\",\"name\":\"Nutriva Academy\",\"description\":\"La formazione tra scienza e natura\",\"potentialAction\":[{\"@type\":\"SearchAction\",\"target\":{\"@type\":\"EntryPoint\",\"urlTemplate\":\"https:\/\/nutrivacademy.it\/?s={search_term_string}\"},\"query-input\":{\"@type\":\"PropertyValueSpecification\",\"valueRequired\":true,\"valueName\":\"search_term_string\"}}],\"inLanguage\":\"it-IT\"},{\"@type\":\"Person\",\"@id\":\"https:\/\/nutrivacademy.it\/#\/schema\/person\/d16fc9977b5d74a817f45e723b455515\",\"name\":\"admin\",\"image\":{\"@type\":\"ImageObject\",\"inLanguage\":\"it-IT\",\"@id\":\"https:\/\/nutrivacademy.it\/#\/schema\/person\/image\/\",\"url\":\"https:\/\/secure.gravatar.com\/avatar\/23e3a2ce1563b96d8617e8cfe0467e2435088bfeaf7aa4a521432713d20e8a5d?s=96&d=mm&r=g\",\"contentUrl\":\"https:\/\/secure.gravatar.com\/avatar\/23e3a2ce1563b96d8617e8cfe0467e2435088bfeaf7aa4a521432713d20e8a5d?s=96&d=mm&r=g\",\"caption\":\"admin\"},\"sameAs\":[\"https:\/\/nutrivacademy.it\"],\"url\":\"https:\/\/nutrivacademy.it\/index.php\/author\/admin_1den1hap\/\"}]}<\/script>\n<!-- \/ Yoast SEO plugin. -->","yoast_head_json":{"title":"Presentazione Il Linguaggio del Corpo Consulenza Professionale","description":"Il Linguaggio del Corpo per la Consulenza Professionale mercoled\u00ec 8 aprile 2026 (14.00-14.45) presentazione online","robots":{"index":"index","follow":"follow","max-snippet":"max-snippet:-1","max-image-preview":"max-image-preview:large","max-video-preview":"max-video-preview:-1"},"canonical":"https:\/\/nutrivacademy.it\/index.php\/2026\/04\/01\/presentazione-corso-dott-menghini-il-linguaggio-del-corpo-per-la-consulenza-professionale-corsi-in-presenza-we-aprile-2026\/","og_locale":"it_IT","og_type":"article","og_title":"Presentazione Il Linguaggio del Corpo Consulenza Professionale","og_description":"Il Linguaggio del Corpo per la Consulenza Professionale mercoled\u00ec 8 aprile 2026 (14.00-14.45) presentazione online","og_url":"https:\/\/nutrivacademy.it\/index.php\/2026\/04\/01\/presentazione-corso-dott-menghini-il-linguaggio-del-corpo-per-la-consulenza-professionale-corsi-in-presenza-we-aprile-2026\/","og_site_name":"Nutriva Academy","article_published_time":"2026-04-01T14:19:59+00:00","article_modified_time":"2026-04-02T11:49:17+00:00","og_image":[{"width":1430,"height":1350,"url":"https:\/\/nutrivacademy.it\/wp-content\/uploads\/2026\/04\/presentazione-presenza-lunedi-linguaggio-corpo-3.jpg","type":"image\/jpeg"}],"author":"admin","twitter_card":"summary_large_image","twitter_misc":{"Scritto da":"admin","Tempo di lettura stimato":"5 minuti"},"schema":{"@context":"https:\/\/schema.org","@graph":[{"@type":"Article","@id":"https:\/\/nutrivacademy.it\/index.php\/2026\/04\/01\/presentazione-corso-dott-menghini-il-linguaggio-del-corpo-per-la-consulenza-professionale-corsi-in-presenza-we-aprile-2026\/#article","isPartOf":{"@id":"https:\/\/nutrivacademy.it\/index.php\/2026\/04\/01\/presentazione-corso-dott-menghini-il-linguaggio-del-corpo-per-la-consulenza-professionale-corsi-in-presenza-we-aprile-2026\/"},"author":{"name":"admin","@id":"https:\/\/nutrivacademy.it\/#\/schema\/person\/d16fc9977b5d74a817f45e723b455515"},"headline":"Presentazione corso Dott.Menghini: Il Linguaggio del Corpo per la Consulenza Professionale &#8211; Corsi in presenza WE &#8211; Aprile 2026","datePublished":"2026-04-01T14:19:59+00:00","dateModified":"2026-04-02T11:49:17+00:00","mainEntityOfPage":{"@id":"https:\/\/nutrivacademy.it\/index.php\/2026\/04\/01\/presentazione-corso-dott-menghini-il-linguaggio-del-corpo-per-la-consulenza-professionale-corsi-in-presenza-we-aprile-2026\/"},"wordCount":3991,"image":{"@id":"https:\/\/nutrivacademy.it\/index.php\/2026\/04\/01\/presentazione-corso-dott-menghini-il-linguaggio-del-corpo-per-la-consulenza-professionale-corsi-in-presenza-we-aprile-2026\/#primaryimage"},"thumbnailUrl":"https:\/\/nutrivacademy.it\/wp-content\/uploads\/2026\/04\/presentazione-presenza-lunedi-linguaggio-corpo-3.jpg","articleSection":["Corsi in presenza","Corsi in presenza Formula Weekend"],"inLanguage":"it-IT"},{"@type":"WebPage","@id":"https:\/\/nutrivacademy.it\/index.php\/2026\/04\/01\/presentazione-corso-dott-menghini-il-linguaggio-del-corpo-per-la-consulenza-professionale-corsi-in-presenza-we-aprile-2026\/","url":"https:\/\/nutrivacademy.it\/index.php\/2026\/04\/01\/presentazione-corso-dott-menghini-il-linguaggio-del-corpo-per-la-consulenza-professionale-corsi-in-presenza-we-aprile-2026\/","name":"Presentazione Il Linguaggio del Corpo Consulenza Professionale","isPartOf":{"@id":"https:\/\/nutrivacademy.it\/#website"},"primaryImageOfPage":{"@id":"https:\/\/nutrivacademy.it\/index.php\/2026\/04\/01\/presentazione-corso-dott-menghini-il-linguaggio-del-corpo-per-la-consulenza-professionale-corsi-in-presenza-we-aprile-2026\/#primaryimage"},"image":{"@id":"https:\/\/nutrivacademy.it\/index.php\/2026\/04\/01\/presentazione-corso-dott-menghini-il-linguaggio-del-corpo-per-la-consulenza-professionale-corsi-in-presenza-we-aprile-2026\/#primaryimage"},"thumbnailUrl":"https:\/\/nutrivacademy.it\/wp-content\/uploads\/2026\/04\/presentazione-presenza-lunedi-linguaggio-corpo-3.jpg","datePublished":"2026-04-01T14:19:59+00:00","dateModified":"2026-04-02T11:49:17+00:00","author":{"@id":"https:\/\/nutrivacademy.it\/#\/schema\/person\/d16fc9977b5d74a817f45e723b455515"},"description":"Il Linguaggio del Corpo per la Consulenza Professionale mercoled\u00ec 8 aprile 2026 (14.00-14.45) presentazione online","breadcrumb":{"@id":"https:\/\/nutrivacademy.it\/index.php\/2026\/04\/01\/presentazione-corso-dott-menghini-il-linguaggio-del-corpo-per-la-consulenza-professionale-corsi-in-presenza-we-aprile-2026\/#breadcrumb"},"inLanguage":"it-IT","potentialAction":[{"@type":"ReadAction","target":["https:\/\/nutrivacademy.it\/index.php\/2026\/04\/01\/presentazione-corso-dott-menghini-il-linguaggio-del-corpo-per-la-consulenza-professionale-corsi-in-presenza-we-aprile-2026\/"]}]},{"@type":"ImageObject","inLanguage":"it-IT","@id":"https:\/\/nutrivacademy.it\/index.php\/2026\/04\/01\/presentazione-corso-dott-menghini-il-linguaggio-del-corpo-per-la-consulenza-professionale-corsi-in-presenza-we-aprile-2026\/#primaryimage","url":"https:\/\/nutrivacademy.it\/wp-content\/uploads\/2026\/04\/presentazione-presenza-lunedi-linguaggio-corpo-3.jpg","contentUrl":"https:\/\/nutrivacademy.it\/wp-content\/uploads\/2026\/04\/presentazione-presenza-lunedi-linguaggio-corpo-3.jpg","width":1430,"height":1350,"caption":"Presentazione corso Dott.Menghini: Il Linguaggio del Corpo per la Consulenza Professionale - Corsi in presenza WE - Aprile 2026"},{"@type":"BreadcrumbList","@id":"https:\/\/nutrivacademy.it\/index.php\/2026\/04\/01\/presentazione-corso-dott-menghini-il-linguaggio-del-corpo-per-la-consulenza-professionale-corsi-in-presenza-we-aprile-2026\/#breadcrumb","itemListElement":[{"@type":"ListItem","position":1,"name":"Home","item":"https:\/\/nutrivacademy.it\/"},{"@type":"ListItem","position":2,"name":"Presentazione corso Dott.Menghini: Il Linguaggio del Corpo per la Consulenza Professionale &#8211; Corsi in presenza WE &#8211; Aprile 2026"}]},{"@type":"WebSite","@id":"https:\/\/nutrivacademy.it\/#website","url":"https:\/\/nutrivacademy.it\/","name":"Nutriva Academy","description":"La formazione tra scienza e natura","potentialAction":[{"@type":"SearchAction","target":{"@type":"EntryPoint","urlTemplate":"https:\/\/nutrivacademy.it\/?s={search_term_string}"},"query-input":{"@type":"PropertyValueSpecification","valueRequired":true,"valueName":"search_term_string"}}],"inLanguage":"it-IT"},{"@type":"Person","@id":"https:\/\/nutrivacademy.it\/#\/schema\/person\/d16fc9977b5d74a817f45e723b455515","name":"admin","image":{"@type":"ImageObject","inLanguage":"it-IT","@id":"https:\/\/nutrivacademy.it\/#\/schema\/person\/image\/","url":"https:\/\/secure.gravatar.com\/avatar\/23e3a2ce1563b96d8617e8cfe0467e2435088bfeaf7aa4a521432713d20e8a5d?s=96&d=mm&r=g","contentUrl":"https:\/\/secure.gravatar.com\/avatar\/23e3a2ce1563b96d8617e8cfe0467e2435088bfeaf7aa4a521432713d20e8a5d?s=96&d=mm&r=g","caption":"admin"},"sameAs":["https:\/\/nutrivacademy.it"],"url":"https:\/\/nutrivacademy.it\/index.php\/author\/admin_1den1hap\/"}]}},"_links":{"self":[{"href":"https:\/\/nutrivacademy.it\/index.php\/wp-json\/wp\/v2\/posts\/11488","targetHints":{"allow":["GET"]}}],"collection":[{"href":"https:\/\/nutrivacademy.it\/index.php\/wp-json\/wp\/v2\/posts"}],"about":[{"href":"https:\/\/nutrivacademy.it\/index.php\/wp-json\/wp\/v2\/types\/post"}],"author":[{"embeddable":true,"href":"https:\/\/nutrivacademy.it\/index.php\/wp-json\/wp\/v2\/users\/1"}],"replies":[{"embeddable":true,"href":"https:\/\/nutrivacademy.it\/index.php\/wp-json\/wp\/v2\/comments?post=11488"}],"version-history":[{"count":11,"href":"https:\/\/nutrivacademy.it\/index.php\/wp-json\/wp\/v2\/posts\/11488\/revisions"}],"predecessor-version":[{"id":11504,"href":"https:\/\/nutrivacademy.it\/index.php\/wp-json\/wp\/v2\/posts\/11488\/revisions\/11504"}],"wp:featuredmedia":[{"embeddable":true,"href":"https:\/\/nutrivacademy.it\/index.php\/wp-json\/wp\/v2\/media\/11500"}],"wp:attachment":[{"href":"https:\/\/nutrivacademy.it\/index.php\/wp-json\/wp\/v2\/media?parent=11488"}],"wp:term":[{"taxonomy":"category","embeddable":true,"href":"https:\/\/nutrivacademy.it\/index.php\/wp-json\/wp\/v2\/categories?post=11488"},{"taxonomy":"post_tag","embeddable":true,"href":"https:\/\/nutrivacademy.it\/index.php\/wp-json\/wp\/v2\/tags?post=11488"}],"curies":[{"name":"wp","href":"https:\/\/api.w.org\/{rel}","templated":true}]}}